{"id":11360,"date":"2020-01-04T00:04:39","date_gmt":"2020-01-03T23:04:39","guid":{"rendered":"https:\/\/www.ibiscase.com\/diano-marina-and-nearby-areas\/"},"modified":"2020-01-04T22:40:29","modified_gmt":"2020-01-04T21:40:29","slug":"diano-marina-and-nearby-areas","status":"publish","type":"post","link":"https:\/\/www.ibiscase.com\/sv\/diano-marina-and-nearby-areas\/","title":{"rendered":"Diano Marina med omnejd"},"content":{"rendered":"<p><strong>Impero-dalen<\/strong><\/p>\n<p>Olivlundarna dominerar &#8221;&#8221;olivdalen&#8221;, Valle Impero, den st\u00f6rsta i v\u00e4stra Ligurien. Dalen b\u00f6rjar vid Monte Grande och i den rinner Impero-floden, som ebbar ut i Medelhavet vid Imperia stad. Byarna \u00e4r som \u00f6rnn\u00e4sten, hisnande vyer och olivens silverf\u00e4rgade blad pr\u00e4glar den h\u00f6ga delen av dalen, d\u00e4r orterna Chiusanico, Caravonica, Lucinasco, k\u00e4nd f\u00f6r St. Stefan-kyrkan och sj\u00f6n, sticker ut. L\u00e4ngre ner i dalen har byarna f\u00f6kljt den kommersiella expansionen, tack vare deras n\u00e4rhet till l\u00e4nstaden Imperia: Pontedassio, Borgomaro och Chiusavecchia. Sedan medeltiden \u00e4r oliven ett mycket viktigt inslag f\u00f6r dalen; tack vare Benedicter-munkarna som bodde i Chiusanico spreds tr\u00e4det i dalens alla h\u00f6rn och \u00e4r idag huvudn\u00e4rningen f\u00f6r inv\u00e5narna p\u00e5 ett eller annat s\u00e4tt. P\u00e5 en av h\u00f6jderna ligger byn Conio, som \u00e4r k\u00e4nd f\u00f6r sina prestigefyllda b\u00f6nor, nu mer en omtyckt Slow Food-produkt. V\u00e4g 28; SS28, passerar delar av dalen och forts\u00e4tter till Col di Nava, ett k\u00e4nt pass \u00f6ver de liguriska Havsalperna som f\u00f6rbinder Valle Arroscia med Val Tanaro i Piemonte. Nava har blivit ett k\u00e4nt turistcentrum f\u00f6r sina vackra promenadleder, f\u00f6r lavendeln som odlas och \u00e4ven lever vilt och forten, som finns kvar sedan kungad\u00f6met Savojen och Napoleons tid.<\/p>\n<p><img loading=\"lazy\" class=\"alignnone size-medium wp-image-11322\" src=\"https:\/\/www.ibiscase.com\/wp-content\/uploads\/2020\/01\/IMG_5414-300x225.jpg\" alt=\"\" width=\"300\" height=\"225\" srcset=\"https:\/\/www.ibiscase.com\/wp-content\/uploads\/2020\/01\/IMG_5414-300x225.jpg 300w, https:\/\/www.ibiscase.com\/wp-content\/uploads\/2020\/01\/IMG_5414-768x576.jpg 768w, https:\/\/www.ibiscase.com\/wp-content\/uploads\/2020\/01\/IMG_5414.jpg 800w\" sizes=\"(max-width: 300px) 100vw, 300px\" \/><\/p>\n<p><strong>\u00a0Arroscia-dalen<\/strong><\/p>\n<div class=\"tlid-source-target main-header\">\n<div class=\"source-target-row\">\n<div class=\"tlid-results-container results-container\">\n<div class=\"tlid-result result-dict-wrapper\">\n<div class=\"result tlid-copy-target\">\n<div class=\"text-wrap tlid-copy-target\">\n<div class=\"result-shield-container tlid-copy-target\" tabindex=\"0\"><span class=\"tlid-translation translation\" lang=\"sv\">Arroscias territorium str\u00e4cker sig fr\u00e5n hundra meter \u00f6ver havet i byn Ranzo till \u00f6ver tusen meter uppe vid San Bernardo di Mendatica, som halvv\u00e4gs lv\u00e4gs passerar genom centralorten Pieve di Teco. Skogarna i Alta Valle Arroscia dominerar landskapet, bland vilka det frodiga boktr\u00e4et i Rezzo \u00e4r s\u00e4rskilt k\u00e4nt. Dalen \u00e4r en perfekt utg\u00e5ngspunkt f\u00f6r panoramutflykter till alptopparna Mongioie eller Saccarello, d\u00e4r \u00e4r den enda skidorten i v\u00e4stra Ligurien, Monesi ligger. Tyv\u00e4rr blev skidomr\u00e5det allvarligt p\u00e5verkat efter \u00f6versv\u00e4mningen 2016 och det \u00e4r h\u00e4r liksom i grannbyn<\/span><span class=\"tlid-translation translation\" lang=\"sv\"> Mendatica som man kan besk\u00e5da vattenfallen i Arroscia. Dalen \u00e4r ocks\u00e5 rik p\u00e5 konstn\u00e4rliga och etnografiska rutter, till exempel det utbredda museumssystemet &#8221;Ansikterna av Ubagu&#8221;, som kombinerar alla de elva kommunerna. Gastronomi \u00e4r kopplat till f\u00e5rodling, s\u00e4rskilt till det &#8221;vita k\u00f6ket&#8221; baserat p\u00e5 fattiga och n\u00e4ringsrika ingredienser som minns v\u00e4garna till transhumansen. Bland specialiteterna, brussu, den j\u00e4sta ricottaosten och Ormeasco, ett h\u00f6jdr\u00f6tt vin som produceras i Pornassio, Montegrosso Pian Latte, Cosio och Mendatica.<\/span><\/div>\n<\/div>\n<div class=\"tlid-result-transliteration-container result-transliteration-container transliteration-container\">\n<div class=\"tlid-transliteration-content transliteration-content full\"><\/div>\n<\/div>\n<\/div>\n<\/div>\n<\/div>\n<\/div>\n<\/div>\n<p><img loading=\"lazy\" class=\"alignnone size-medium wp-image-11323\" src=\"https:\/\/www.ibiscase.com\/wp-content\/uploads\/2020\/01\/arrosica-300x225.jpg\" alt=\"\" width=\"300\" height=\"225\" srcset=\"https:\/\/www.ibiscase.com\/wp-content\/uploads\/2020\/01\/arrosica-300x225.jpg 300w, https:\/\/www.ibiscase.com\/wp-content\/uploads\/2020\/01\/arrosica-768x576.jpg 768w, https:\/\/www.ibiscase.com\/wp-content\/uploads\/2020\/01\/arrosica.jpg 960w\" sizes=\"(max-width: 300px) 100vw, 300px\" \/><\/p>\n<p><strong>Diano Marina<\/strong><\/p>\n<p>Om du letar efter ett resm\u00e5l vid havet d\u00e4r du kan ha kul och koppla av med din familj, \u00e4r Diano Marina platsen att ta sig till. En l\u00e5ng sandstrand och kristallklart vatten, badanl\u00e4ggningar d\u00e4r man kan njuta av beachvolleyboll, surfing, paddling och boende f\u00f6r alla smaker samt budjetar. Under romartiden befann sig Diano Marina i den s\u00e5 kallade &#8221;Iocus Bormani&#8221;, en station l\u00e4ngs v\u00e4gen som f\u00f6rband Podalen och Gallien. Ortsnamnet h\u00e4nvisar till en forntida kult i skogen ersattes av romarna f\u00f6r att hedra gudinnan Diana, vars reverb kan m\u00e4rkas i s\u00e5 m\u00e5nga Diana platsnamn. Ber\u00e4ttelsen om Diano Marina ber\u00e4ttas i det lokala Civic Museum med ber\u00e4ttelsen om lergods som \u00e5tervunnits fr\u00e5n det romerska skeppet som f\u00f6rliste framf\u00f6r kusten under f\u00f6rsta \u00e5rhundradet e.Kr. Den medeltida Diano Marina f\u00f6rst\u00f6rdes av en allvarlig jordb\u00e4vning 1887 och har ersats med en modern stadsstruktur som g\u00f6r staden till en av de mest k\u00e4nda och eftertraktade turistm\u00e5len, s\u00e4rskilt av bes\u00f6kare fr\u00e5n Nordeuropa, med en rik och varierad kalender f\u00f6r turister och\u00a0 olika festivaler.<\/p>\n<p><img loading=\"lazy\" class=\"alignnone size-medium wp-image-11324\" src=\"https:\/\/www.ibiscase.com\/wp-content\/uploads\/2020\/01\/Diano-300x200.jpg\" alt=\"\" width=\"300\" height=\"200\" srcset=\"https:\/\/www.ibiscase.com\/wp-content\/uploads\/2020\/01\/Diano-300x200.jpg 300w, https:\/\/www.ibiscase.com\/wp-content\/uploads\/2020\/01\/Diano-768x512.jpg 768w, https:\/\/www.ibiscase.com\/wp-content\/uploads\/2020\/01\/Diano.jpg 900w\" sizes=\"(max-width: 300px) 100vw, 300px\" \/><\/p>\n<p><strong>Diano Castello<\/strong><\/p>\n<p>En by med en l\u00e5ng historia och som ligger i ett dominerande samt natursk\u00f6nt l\u00e4ge. Med utsikt \u00f6ver Golfo Dianese (Dianobukten) var det i forntida mitten av Communitas diani, ett semi-autonomt samh\u00e4lle i Republiken Genoa. Ortens monument \u00e4r vittnesb\u00f6rden om dess medeltida f\u00f6rflutna och f\u00f6rsvar mot saracerna, ett fascinerande exempel \u00e4r de forntida underjordiska lagringstankarna med dricksvatten. Diano Castello \u00e4r v\u00e4rd f\u00f6r kulturaktiviteter och evenemang, inklusive traditionella m\u00e4ssor, konst och mat.<\/p>\n<p><img loading=\"lazy\" class=\"alignnone size-medium wp-image-11325\" src=\"https:\/\/www.ibiscase.com\/wp-content\/uploads\/2020\/01\/diano-castello-300x200.jpg\" alt=\"\" width=\"300\" height=\"200\" srcset=\"https:\/\/www.ibiscase.com\/wp-content\/uploads\/2020\/01\/diano-castello-300x200.jpg 300w, https:\/\/www.ibiscase.com\/wp-content\/uploads\/2020\/01\/diano-castello-768x512.jpg 768w, https:\/\/www.ibiscase.com\/wp-content\/uploads\/2020\/01\/diano-castello-1024x683.jpg 1024w, https:\/\/www.ibiscase.com\/wp-content\/uploads\/2020\/01\/diano-castello.jpg 1200w\" sizes=\"(max-width: 300px) 100vw, 300px\" \/><\/p>\n<p><strong>Cervo<\/strong><\/p>\n<p>Med sitt spektakul\u00e4ra torg med utsikt \u00f6ver havet \u00e4r Cervo en p\u00e4rla med l\u00e5ng historia. P\u00e5 bergstoppen som dominerar byn \u00e4r Slottet Clavesana (Castello Clavesana) som husar Museo Etnografico (Etnografiska museet), efter branta smala gr\u00e4nder passerar hantverkare g\u00e5r du in i Piazza dei Corallini, med dess ot\u00e4nkbara barockkyrka San Giovanni Battista. En unik milj\u00f6 som spelar f\u00f6r en m\u00e4ngd olika evenemang inklusive den Internationella Kammarorkesterfestivalen och Cervo ti Strega, som b\u00e5da v\u00e4lkomnar k\u00e4nda artister varje \u00e5r.<\/p>\n<p><img loading=\"lazy\" class=\"alignnone size-medium wp-image-11327\" src=\"https:\/\/www.ibiscase.com\/wp-content\/uploads\/2020\/01\/cervo-300x188.jpeg\" alt=\"\" width=\"300\" height=\"188\" srcset=\"https:\/\/www.ibiscase.com\/wp-content\/uploads\/2020\/01\/cervo-300x188.jpeg 300w, https:\/\/www.ibiscase.com\/wp-content\/uploads\/2020\/01\/cervo-768x482.jpeg 768w, https:\/\/www.ibiscase.com\/wp-content\/uploads\/2020\/01\/cervo-1024x643.jpeg 1024w, https:\/\/www.ibiscase.com\/wp-content\/uploads\/2020\/01\/cervo.jpeg 1597w\" sizes=\"(max-width: 300px) 100vw, 300px\" \/><\/p>\n<p><strong>Andora<\/strong><\/p>\n<p>De som v\u00e4ljer att tillbringa semestern i Andora s\u00f6ker vanligtvis avkoppling och spenderar dagarna p\u00e5 bekv\u00e4ma utrustade str\u00e4nder. Orten ligger mellan de vackra uddarna Capo Mele och Capo Mimosa och flera faciliteter och platser utformade f\u00f6r turismen, till exempel den lilla men fullt utrustade marinan. Fr\u00e5n sin antika sj\u00f6fartsstad bevarar Andora det typiska f\u00f6rsvarstornet, medan det i Borgata Castello finns Paraxo, det vackra medeltida slottet och kyrkan St James och St Filip.<\/p>\n<p><img loading=\"lazy\" class=\"alignnone size-medium wp-image-11329\" src=\"https:\/\/www.ibiscase.com\/wp-content\/uploads\/2020\/01\/and14-300x200.jpg\" alt=\"\" width=\"300\" height=\"200\" srcset=\"https:\/\/www.ibiscase.com\/wp-content\/uploads\/2020\/01\/and14-300x200.jpg 300w, https:\/\/www.ibiscase.com\/wp-content\/uploads\/2020\/01\/and14-768x512.jpg 768w, https:\/\/www.ibiscase.com\/wp-content\/uploads\/2020\/01\/and14.jpg 800w\" sizes=\"(max-width: 300px) 100vw, 300px\" \/><\/p>\n<p><strong>Laigueglia<\/strong><\/p>\n<p>En liten p\u00e4rla n\u00e4ra Capo Mele, det h\u00e4r \u00e4r Laigueglia, som idag bevarar den fascinerande aspekten av maritimt semesterm\u00e5l. Sandstr\u00e4nder, b\u00e5tar och fiskarn\u00e4t, suggestiva torg p\u00e5 havet och en liten gr\u00e4nd f\u00f6r shopping. F\u00f6rsvarstornet talar om en historia som \u00e4r rik p\u00e5 historia, som \u00e5terkallas varje sommar med den mycket efterl\u00e4ngtade och spektakul\u00e4ra h\u00e4ndelsen av &#8221;Piraternas er\u00f6vring&#8221;. Men Laigueglia \u00e4r ocks\u00e5 en stad i tro, med sin stora och dyrbara kyrka av St Matthew, finansierad av korallfiskarnas vinster och med det dubbla klocktornet med korsen riktade till Mistral och Libeccio. I det f\u00f6rsta inlandet, i Colla Micheri, valde Thor Heyerdal, den ber\u00f6mda norska utforskaren och antropologen som reste v\u00e4rlden ombord p\u00e5 Kon-Tiki, att g\u00e5 i pension och hans grav \u00e4r synlig nu. Laigueglia \u00e4r ocks\u00e5 \u00f6verraskande f\u00f6r sina evenemang, m\u00e5nga p\u00e5 sommaren och ofta \u00e4gnas \u00e5t musik, som PercFest, som firar slagverk och den stora jazzen eller Queste Piazze Davanti al Mare, en utst\u00e4llning av det italienska l\u00e5tskrivandet.<\/p>\n<p><img loading=\"lazy\" class=\"alignnone size-medium wp-image-11328\" src=\"https:\/\/www.ibiscase.com\/wp-content\/uploads\/2020\/01\/laigueglia-300x225.jpg\" alt=\"\" width=\"300\" height=\"225\" srcset=\"https:\/\/www.ibiscase.com\/wp-content\/uploads\/2020\/01\/laigueglia-300x225.jpg 300w, https:\/\/www.ibiscase.com\/wp-content\/uploads\/2020\/01\/laigueglia-768x576.jpg 768w, https:\/\/www.ibiscase.com\/wp-content\/uploads\/2020\/01\/laigueglia.jpg 960w\" sizes=\"(max-width: 300px) 100vw, 300px\" \/><\/p>\n","protected":false},"excerpt":{"rendered":"<p>Impero-dalen Olivlundarna dominerar &#8221;&#8221;olivdalen&#8221;, Valle Impero, den st\u00f6rsta i v\u00e4stra Ligurien. Dalen b\u00f6rjar vid Monte Grande och i den rinner Impero-floden, som ebbar ut i Medelhavet vid Imperia stad. Byarna \u00e4r som \u00f6rnn\u00e4sten, hisnande vyer och olivens silverf\u00e4rgade blad pr\u00e4glar den h\u00f6ga delen av dalen, d\u00e4r orterna Chiusanico, Caravonica, Lucinasco, k\u00e4nd f\u00f6r St. Stefan-kyrkan och [&hellip;]<\/p>\n","protected":false},"author":1,"featured_media":0,"comment_status":"closed","ping_status":"closed","sticky":false,"template":"","format":"standard","meta":{"om_disable_all_campaigns":false,"_joinchat":[]},"categories":[514],"tags":[],"aioseo_notices":[],"_links":{"self":[{"href":"https:\/\/www.ibiscase.com\/sv\/wp-json\/wp\/v2\/posts\/11360"}],"collection":[{"href":"https:\/\/www.ibiscase.com\/sv\/wp-json\/wp\/v2\/posts"}],"about":[{"href":"https:\/\/www.ibiscase.com\/sv\/wp-json\/wp\/v2\/types\/post"}],"author":[{"embeddable":true,"href":"https:\/\/www.ibiscase.com\/sv\/wp-json\/wp\/v2\/users\/1"}],"replies":[{"embeddable":true,"href":"https:\/\/www.ibiscase.com\/sv\/wp-json\/wp\/v2\/comments?post=11360"}],"version-history":[{"count":7,"href":"https:\/\/www.ibiscase.com\/sv\/wp-json\/wp\/v2\/posts\/11360\/revisions"}],"predecessor-version":[{"id":11376,"href":"https:\/\/www.ibiscase.com\/sv\/wp-json\/wp\/v2\/posts\/11360\/revisions\/11376"}],"wp:attachment":[{"href":"https:\/\/www.ibiscase.com\/sv\/wp-json\/wp\/v2\/media?parent=11360"}],"wp:term":[{"taxonomy":"category","embeddable":true,"href":"https:\/\/www.ibiscase.com\/sv\/wp-json\/wp\/v2\/categories?post=11360"},{"taxonomy":"post_tag","embeddable":true,"href":"https:\/\/www.ibiscase.com\/sv\/wp-json\/wp\/v2\/tags?post=11360"}],"curies":[{"name":"wp","href":"https:\/\/api.w.org\/{rel}","templated":true}]}}